{"id":20,"date":"2026-04-26T08:00:00","date_gmt":"2026-04-26T06:00:00","guid":{"rendered":"http:\/\/www.tomaszowice.diecezja.lublin.pl\/?p=20"},"modified":"2026-04-26T21:07:11","modified_gmt":"2026-04-26T19:07:11","slug":"aktualne-ogloszenia","status":"publish","type":"post","link":"https:\/\/www.tomaszowice.diecezja.lublin.pl\/?p=20","title":{"rendered":"Aktualne og\u0142oszenia"},"content":{"rendered":"<p style=\"text-align: right;\"><strong>\u00a0\u00a0\u00a0\u00a0\u00a0\u00a0\u00a0\u00a0\u00a0\u00a0\u00a0\u00a0\u00a0\u00a0\u00a0\u00a0\u00a0\u00a0\u00a0\u00a0\u00a0\u00a0\u00a0\u00a0\u00a0\u00a0\u00a0\u00a0\u00a0\u00a0\u00a0\u00a0\u00a0\u00a0\u00a0\u00a0\u00a0\u00a0\u00a0\u00a0\u00a0\u00a0\u00a0\u00a0\u00a0\u00a0\u00a0\u00a0\u00a0\u00a0\u00a0\u00a0\u00a0\u00a0\u00a0\u00a0\u00a0\u00a0\u00a0\u00a0\u00a0\u00a0\u00a0\u00a0\u00a0\u00a0\u00a0\u00a0\u00a0\u00a0\u00a0\u00a0\u00a0\u00a0\u00a0\u00a0\u00a0\u00a0\u00a0\u00a0\u00a0\u00a0\u00a0\u00a0\u00a0\u00a0\u00a0\u00a0\u00a0\u00a0\u00a0\u00a0\u00a0\u00a0\u00a0 Kontakt:<br \/><\/strong>81 502 92 92<br \/>\u00a0\u00a0\u00a0\u00a0\u00a0\u00a0\u00a0\u00a0\u00a0\u00a0\u00a0\u00a0\u00a0\u00a0\u00a0\u00a0\u00a0\u00a0\u00a0\u00a0\u00a0\u00a0\u00a0\u00a0\u00a0\u00a0\u00a0\u00a0\u00a0\u00a0\u00a0\u00a0\u00a0\u00a0\u00a0\u00a0\u00a0\u00a0\u00a0\u00a0\u00a0\u00a0\u00a0\u00a0\u00a0\u00a0\u00a0\u00a0\u00a0\u00a0\u00a0\u00a0\u00a0\u00a0\u00a0\u00a0\u00a0\u00a0\u00a0\u00a0\u00a0\u00a0\u00a0\u00a0\u00a0\u00a0\u00a0\u00a0\u00a0\u00a0\u00a0\u00a0\u00a0\u00a0\u00a0\u00a0\u00a0\u00a0\u00a0\u00a0\u00a0\u00a0\u00a0\u00a0\u00a0\u00a0\u00a0\u00a0\u00a0\u00a0\u00a0\u00a0\u00a0\u00a0\u00a0\u00a0\u00a0\u00a0 663 983 783<\/p>\n<div class=\"Message-content\">\n<div id=\"gwp8524cc10\">\n<div id=\"gwp8524cc10h\">\n<div class=\"gwp8524cc10b\" data-message-body=\"true\">\n<div>\u00a0<\/div>\n<\/div>\n<\/div>\n<\/div>\n<\/div>\n<p><strong><span style=\"text-decoration: underline;\">GODZINY MSZY \u015aW. W TYM TYGODNIU:<\/span><\/strong><\/p>\n<p><span style=\"color: #000000;\">poniedzia\u0142ek &#8212; 17:30, 18:00<br \/>wtorek &#8212; 17:30, 18:00<\/span><br \/>\u015broda &#8212; 17:30, 18:00<br \/>czwartek &#8212; 17:00, 17:30, 18:00<br \/><span style=\"color: #000000;\">pi\u0105tek &#8212; 17:00, 17:30, 18:30<\/span><br \/><span style=\"color: #000000;\"><strong>sobota &#8212;\u00a0 9:00, 11:00, 17:00<\/strong><\/span><br \/><strong>niedziela &#8212; 8:00, 9:30, 11:00, 17:00<\/strong><\/p>\n<p>&nbsp;<\/p>\n<h3 style=\"text-align: center;\"><span style=\"color: #ff0000;\"><strong>IV NIEDZIELA WIELKANOCY,<\/strong><\/span><\/h3>\n<p style=\"text-align: center;\"><strong>OG\u0141OSZENIA DUSZPASTERSKIE<\/strong><\/p>\n<ol>\n<li>Dzisiejsz\u0105 niedziel\u0119 prze\u017cywamy w Ko\u015bciele jako \u015awiatowy Dzie\u0144 Modlitw o Powo\u0142ania. Rozpoczynaj\u0105 si\u0119 te\u017c Kwartalne dni modlitw o powo\u0142ania do s\u0142u\u017cby w\u00a0Ko\u015bciele. Musimy prosi\u0107 Jezusa Chrystusa \u2013 Dobrego Pasterza, aby nigdy nie zabrak\u0142o nowych pracownik\u00f3w w\u00a0winnicy Bo\u017cej. Musimy modli\u0107 si\u0119 o \u015bwi\u0119te i liczne powo\u0142ania kap\u0142a\u0144skie i zakonne, o\u00a0ludzi gotowych p\u00f3j\u015b\u0107 przemienia\u0107 serca innych, podj\u0105\u0107 trudne zadania wobec wsp\u00f3\u0142czesnego \u015bwiata. Maj\u0105c w\u015br\u00f3d siebie kap\u0142an\u00f3w, mamy dost\u0119p do niewyczerpanych \u0142ask Bo\u017cych p\u0142yn\u0105cych z sakrament\u00f3w \u015bwi\u0119tych.<br \/><br \/><\/li>\n<li>W pi\u0105tek zako\u0144czy\u0142y si\u0119 prace zwi\u0105zane z malowaniem ko\u015bcio\u0142a. Pracowa\u0142y dwie ekipy i dlatego uda\u0142o si\u0119 te prace przyspieszy\u0107. Pozosta\u0142y jeszcze prace zwi\u0105zane z konserwacj\u0105 posadzki. B\u0119d\u0105 one wykonane w maju. Dzi\u0119kuj\u0119 rodzinom z Tomaszowic i Mi\u0142ocina, kt\u00f3re w dniu wczorajszym sprz\u0105ta\u0142y ko\u015bci\u00f3\u0142.<br \/>Mam te\u017c ogromn\u0105 pro\u015bb\u0119 aby nie przykleja\u0107 pod \u0142awkami gum do \u017cucia. Niszczy to \u0142awki i jest niegodne tego miejsca. Poddaj\u0119 to os\u0105dowi Waszych sumie\u0144.<br \/><br \/><\/li>\n<li>W tym tygodniu wypada pierwszy pi\u0105tek, pierwsza sobota i pierwsza niedziela miesi\u0105ca.<br \/>W <strong>pierwszy pi\u0105tek<\/strong> spowied\u017a od godz. 16.15. Odwiedziny chorych od godz. 9.00.\n<p>Po Mszy sprawowanej o 17.30 b\u0119dzie wystawienie Naj\u015bwi\u0119tszego Sakramentu i rozpoczniemy nabo\u017ce\u0144stwa majowe. B\u0119d\u0105 one sprawowane w dni powszednie o godz. 18.00 a w niedziele o godz. 16.30. Zach\u0119cam te\u017c do \u015bpiewania litanii do Matki Bo\u017cej przy krzy\u017cach i kapliczkach w naszych miejscowo\u015bciach. Warto te miejsca odnowi\u0107 i udekorowa\u0107.<br \/>W <strong>pierwsz\u0105 sobot\u0119<\/strong> miesi\u0105ca \u2013 2 maja \u2013 obchodzimy Uroczysto\u015b\u0107 Matki Bo\u017cej Kr\u00f3lowej Polski. Msze \u015bw. o godz. 9.00; 11.00 i 17.00. O 16.30 nabo\u017ce\u0144stwo majowe.<br \/>W przysz\u0142\u0105 <strong>pierwsz\u0105 niedziel\u0119<\/strong> miesi\u0105ca po Mszach adoracja Naj\u015bwi\u0119tszego Sakramentu.Na 2 maja (\u015bwi\u0119to flagi narodowej) i na \u015awi\u0119to Konstytucji 3 maja zach\u0119cam do wywieszenia flag narodowych.<\/p>\n<\/li>\n<li>\n<p>W najbli\u017cszy pi\u0105tek \u2013 1 maja \u2013 w \u015bwi\u0119to \u015aw. J\u00f3zefa Robotnika, na mocy dyspensy udzielonej przez Ks. Arcybiskupa \u2013 nie obowi\u0105zuje wstrzemi\u0119\u017aliwo\u015b\u0107 od pokarm\u00f3w mi\u0119snych.<\/p>\n<\/li>\n<li>\n<p>W poniedzia\u0142ek 4 maja obchodzimy wspomnienie \u015bw. Floriana \u2013 patrona stra\u017cak\u00f3w. Zapraszam na Msz\u0119 sprawowan\u0105 o godz. 18.30 w intencji naszych stra\u017cak\u00f3w z Ochotniczych Stra\u017cy Po\u017carnych. Jeste\u015bmy im d\u0142u\u017cni modlitw\u0119 za opiek\u0119 jak\u0105 nas otaczaj\u0105.<\/p>\n<\/li>\n<\/ol>\n<p>&nbsp;<\/p>\n<p>&nbsp;<\/p>\n<p><span style=\"color: #008000;\"><span style=\"font-size: large;\"><i><b>Cieszymy si\u0119, \u017ce zagl\u0105dacie na nasz\u0105 stron\u0119 internetow\u0105. Rado\u015bci!!!<\/b><\/i><\/span><\/span><\/p>\n\n\n<p><\/p>\n","protected":false},"excerpt":{"rendered":"<p>\u00a0\u00a0\u00a0\u00a0\u00a0\u00a0\u00a0\u00a0\u00a0\u00a0\u00a0\u00a0\u00a0\u00a0\u00a0\u00a0\u00a0\u00a0\u00a0\u00a0\u00a0\u00a0\u00a0\u00a0\u00a0\u00a0\u00a0\u00a0\u00a0\u00a0\u00a0\u00a0\u00a0\u00a0\u00a0\u00a0\u00a0\u00a0\u00a0\u00a0\u00a0\u00a0\u00a0\u00a0\u00a0\u00a0\u00a0\u00a0\u00a0\u00a0\u00a0\u00a0\u00a0\u00a0\u00a0\u00a0\u00a0\u00a0\u00a0\u00a0\u00a0\u00a0\u00a0\u00a0\u00a0\u00a0\u00a0\u00a0\u00a0\u00a0\u00a0\u00a0\u00a0\u00a0\u00a0\u00a0\u00a0\u00a0\u00a0\u00a0\u00a0\u00a0\u00a0\u00a0\u00a0\u00a0\u00a0\u00a0\u00a0\u00a0\u00a0\u00a0\u00a0\u00a0\u00a0 Kontakt:81 502 92 92\u00a0\u00a0\u00a0\u00a0\u00a0\u00a0\u00a0\u00a0\u00a0\u00a0\u00a0\u00a0\u00a0\u00a0\u00a0\u00a0\u00a0\u00a0\u00a0\u00a0\u00a0\u00a0\u00a0\u00a0\u00a0\u00a0\u00a0\u00a0\u00a0\u00a0\u00a0\u00a0\u00a0\u00a0\u00a0\u00a0\u00a0\u00a0\u00a0\u00a0\u00a0\u00a0\u00a0\u00a0\u00a0\u00a0\u00a0\u00a0\u00a0\u00a0\u00a0\u00a0\u00a0\u00a0\u00a0\u00a0\u00a0\u00a0\u00a0\u00a0\u00a0\u00a0\u00a0\u00a0\u00a0\u00a0\u00a0\u00a0\u00a0\u00a0\u00a0\u00a0\u00a0\u00a0\u00a0\u00a0\u00a0\u00a0\u00a0\u00a0\u00a0\u00a0\u00a0\u00a0\u00a0\u00a0\u00a0\u00a0\u00a0\u00a0\u00a0\u00a0\u00a0\u00a0\u00a0\u00a0\u00a0\u00a0 663 983 783 \u00a0 GODZINY MSZY \u015aW. W TYM TYGODNIU: poniedzia\u0142ek &#8212; 17:30, 18:00wtorek &#8212; 17:30, 18:00\u015broda &#8212; 17:30, 18:00czwartek &#8212; 17:00, 17:30, 18:00pi\u0105tek &#8212; 17:00, 17:30, 18:30sobota &#8212;\u00a0 9:00, 11:00, 17:00niedziela &#8212; 8:00, 9:30, 11:00, 17:00 &nbsp; IV NIEDZIELA WIELKANOCY, OG\u0141OSZENIA DUSZPASTERSKIE Dzisiejsz\u0105 niedziel\u0119 prze\u017cywamy w Ko\u015bciele jako \u015awiatowy &hellip; <a href=\"https:\/\/www.tomaszowice.diecezja.lublin.pl\/?p=20\" class=\"more-link\">Czytaj dalej <span class=\"screen-reader-text\">Aktualne og\u0142oszenia<\/span> <span class=\"meta-nav\">&rarr;<\/span><\/a><\/p>\n","protected":false},"author":1,"featured_media":5407,"comment_status":"open","ping_status":"open","sticky":false,"template":"","format":"standard","meta":{"footnotes":""},"categories":[1],"tags":[],"class_list":["post-20","post","type-post","status-publish","format-standard","has-post-thumbnail","hentry","category-bez-kategorii"],"_links":{"self":[{"href":"https:\/\/www.tomaszowice.diecezja.lublin.pl\/index.php?rest_route=\/wp\/v2\/posts\/20","targetHints":{"allow":["GET"]}}],"collection":[{"href":"https:\/\/www.tomaszowice.diecezja.lublin.pl\/index.php?rest_route=\/wp\/v2\/posts"}],"about":[{"href":"https:\/\/www.tomaszowice.diecezja.lublin.pl\/index.php?rest_route=\/wp\/v2\/types\/post"}],"author":[{"embeddable":true,"href":"https:\/\/www.tomaszowice.diecezja.lublin.pl\/index.php?rest_route=\/wp\/v2\/users\/1"}],"replies":[{"embeddable":true,"href":"https:\/\/www.tomaszowice.diecezja.lublin.pl\/index.php?rest_route=%2Fwp%2Fv2%2Fcomments&post=20"}],"version-history":[{"count":763,"href":"https:\/\/www.tomaszowice.diecezja.lublin.pl\/index.php?rest_route=\/wp\/v2\/posts\/20\/revisions"}],"predecessor-version":[{"id":5408,"href":"https:\/\/www.tomaszowice.diecezja.lublin.pl\/index.php?rest_route=\/wp\/v2\/posts\/20\/revisions\/5408"}],"wp:featuredmedia":[{"embeddable":true,"href":"https:\/\/www.tomaszowice.diecezja.lublin.pl\/index.php?rest_route=\/wp\/v2\/media\/5407"}],"wp:attachment":[{"href":"https:\/\/www.tomaszowice.diecezja.lublin.pl\/index.php?rest_route=%2Fwp%2Fv2%2Fmedia&parent=20"}],"wp:term":[{"taxonomy":"category","embeddable":true,"href":"https:\/\/www.tomaszowice.diecezja.lublin.pl\/index.php?rest_route=%2Fwp%2Fv2%2Fcategories&post=20"},{"taxonomy":"post_tag","embeddable":true,"href":"https:\/\/www.tomaszowice.diecezja.lublin.pl\/index.php?rest_route=%2Fwp%2Fv2%2Ftags&post=20"}],"curies":[{"name":"wp","href":"https:\/\/api.w.org\/{rel}","templated":true}]}}